{"id":30,"date":"2025-05-15T00:35:08","date_gmt":"2025-05-14T22:35:08","guid":{"rendered":"https:\/\/freibad-camburg.de\/?p=30"},"modified":"2025-06-12T10:38:01","modified_gmt":"2025-06-12T08:38:01","slug":"wir-starten-in-die-saison-2025","status":"publish","type":"post","link":"https:\/\/freibad-camburg.de\/index.php\/2025\/05\/15\/wir-starten-in-die-saison-2025\/","title":{"rendered":"Wir starten in die Saison 2025!"},"content":{"rendered":"\n<p>Mit dem Saisonstart am 17. Mai ist das Freibad Camburg wieder bereit f\u00fcr einen erfrischenden Sommer \u2013 und wir als F\u00f6rderverein freuen uns, mit neuen Projekten und viel Engagement dabei zu sein!<\/p>\n\n\n\n<p>Wie der <a href=\"https:\/\/www.mdr.de\/nachrichten\/thueringen\/baden-wasser-schwimmen-100.html\" data-type=\"link\" data-id=\"https:\/\/www.mdr.de\/nachrichten\/thueringen\/baden-wasser-schwimmen-100.html\">MDR berichtet<\/a>, hat sich einiges getan: Mit Olaf Kunath als neuem Badleiter und Manuel Tischer am Kiosk gibt es frischen Wind im Team. Auch wir als F\u00f6rderverein arbeiten weiter aktiv daran, unser Freibad zu erhalten und attraktiver zu gestalten \u2013 durch Arbeitseins\u00e4tze, Veranstaltungen und Spendenaktionen.<\/p>\n\n\n\n<figure class=\"wp-block-audio\"><audio controls src=\"https:\/\/freibad-camburg.de\/wp-content\/uploads\/2025\/05\/2025-05-14_mdr_de-Freibad-Camburg-Trampolin-mitten-im-Schwimmbecken_http_AD.mp3\"><\/audio><\/figure>\n\n\n\n<p>Rechte: MITTELDEUTSCHER RUNDFUNK &#8211; Titel: &#8222;Freibad Camburg &#8211; Trampolin mitten im Schwimmbecken&#8220; &#8211; MDR\/Danielle Haupt<\/p>\n\n\n\n<p>Das traditionelle Badfest vom 20. bis 22. Juni ist schon in Planung \u2013 mit Musik, Spiel &amp; Spa\u00df f\u00fcr Gro\u00df und Klein. Details folgen bald!<\/p>\n\n\n\n<p>\ud83d\udc9a Gemeinsam machen wir das Freibad Camburg fit f\u00fcr die Zukunft \u2013 f\u00fcr die Region, f\u00fcr Familien, f\u00fcr alle!<\/p>\n\n\n\n<p><strong>Jetzt Mitglied werden oder unterst\u00fctzen<\/strong><\/p>\n","protected":false},"excerpt":{"rendered":"<p>Mit dem Saisonstart am 17. Mai ist das Freibad Camburg wieder bereit f\u00fcr einen erfrischenden Sommer \u2013 und wir als F\u00f6rderverein freuen uns, mit neuen Projekten und viel Engagement dabei zu sein! Wie der MDR berichtet, hat sich einiges getan: Mit Olaf Kunath als neuem Badleiter und Manuel Tischer am Kiosk gibt es frischen Wind&hellip; <a class=\"more-link\" href=\"https:\/\/freibad-camburg.de\/index.php\/2025\/05\/15\/wir-starten-in-die-saison-2025\/\"><span class=\"screen-reader-text\">Wir starten in die Saison 2025!<\/span> weiterlesen<\/a><\/p>\n","protected":false},"author":1,"featured_media":32,"comment_status":"closed","ping_status":"closed","sticky":false,"template":"","format":"standard","meta":{"footnotes":""},"categories":[4],"tags":[],"class_list":["post-30","post","type-post","status-publish","format-standard","has-post-thumbnail","hentry","category-news","entry"],"_links":{"self":[{"href":"https:\/\/freibad-camburg.de\/index.php\/wp-json\/wp\/v2\/posts\/30","targetHints":{"allow":["GET"]}}],"collection":[{"href":"https:\/\/freibad-camburg.de\/index.php\/wp-json\/wp\/v2\/posts"}],"about":[{"href":"https:\/\/freibad-camburg.de\/index.php\/wp-json\/wp\/v2\/types\/post"}],"author":[{"embeddable":true,"href":"https:\/\/freibad-camburg.de\/index.php\/wp-json\/wp\/v2\/users\/1"}],"replies":[{"embeddable":true,"href":"https:\/\/freibad-camburg.de\/index.php\/wp-json\/wp\/v2\/comments?post=30"}],"version-history":[{"count":1,"href":"https:\/\/freibad-camburg.de\/index.php\/wp-json\/wp\/v2\/posts\/30\/revisions"}],"predecessor-version":[{"id":33,"href":"https:\/\/freibad-camburg.de\/index.php\/wp-json\/wp\/v2\/posts\/30\/revisions\/33"}],"wp:featuredmedia":[{"embeddable":true,"href":"https:\/\/freibad-camburg.de\/index.php\/wp-json\/wp\/v2\/media\/32"}],"wp:attachment":[{"href":"https:\/\/freibad-camburg.de\/index.php\/wp-json\/wp\/v2\/media?parent=30"}],"wp:term":[{"taxonomy":"category","embeddable":true,"href":"https:\/\/freibad-camburg.de\/index.php\/wp-json\/wp\/v2\/categories?post=30"},{"taxonomy":"post_tag","embeddable":true,"href":"https:\/\/freibad-camburg.de\/index.php\/wp-json\/wp\/v2\/tags?post=30"}],"curies":[{"name":"wp","href":"https:\/\/api.w.org\/{rel}","templated":true}]}}